{"id":5631,"date":"2023-01-18T08:00:00","date_gmt":"2023-01-18T07:00:00","guid":{"rendered":"https:\/\/www.qberg.com\/?p=5631"},"modified":"2023-11-14T16:35:44","modified_gmt":"2023-11-14T15:35:44","slug":"marca-2023-mdd-pl-europa-qberg-plm-private-label-magazine","status":"publish","type":"post","link":"https:\/\/www.qberg.com\/en\/marca-2023-mdd-pl-europa-qberg-plm-private-label-magazine\/","title":{"rendered":"Marca 2023: &#8220;Il profilo del produttore partner MDD in Europa&#8221;. QBerg partecipa alla tavola rotonda di PLM"},"content":{"rendered":"\n<p>I riflettori sono puntati su MARCA che torna il 18 e 19 gennaio a Bologna Fiere, il salone internazionale della Marca del Distributore giunto alla sua 19\u00b0 edizione che nel 2021 ha generato poco meno di 24Mld\u20ac solo nel Largo Consumo Confezionato, confermando l\u2019importanza di questo segmento per tutta la grande distribuzione.<\/p>\n\n\n\n<p>Negli ultimi sei anni la quota del venduto delle private label sul totale \u00e8 cresciuta notevolmente, passando dal 24,7% del 2017 al 28,5% del 2022. Non c\u2019\u00e8 dubbio che la mdd \u00e8 sempre pi\u00f9 determinante per i ricavi dei retailer.<\/p>\n\n\n\n<p>Un tema caldo a cui daremo il nostro contributo con un\u2019ampia analisi, in occasione della tavola rotonda \u2018International &amp; IPLS\u2019 organizzata da <a href=\"https:\/\/www.linkedin.com\/company\/distribuzione-moderna\/\">Edizioni DM Srl<\/a> e <a href=\"https:\/\/www.linkedin.com\/feed\/hashtag\/?keywords=plmagazine&amp;highlightedUpdateUrns=urn%3Ali%3Aactivity%3A7019325274215333888\">PL Magazine<\/a> durante la prima giornata della fiera. Per l\u2019occasione, presenteremo lo scenario sui trend di competitivit\u00e0 tra i prodotti di marca e quelli mdd, sia sui siti di ecommerce che sui flyer promozionali con un focus sulle attivit\u00e0 promozionali, le osservazioni su prezzi e la scontistica.<\/p>\n\n\n\n<p>Gli altri partecipanti della tavola rotonda sono:<\/p>\n\n\n\n<p>Paul Stainton, IPLC GRAN BRETAGNA<br>Massimo Riezzo, DESPAR<br>Danilo Ronsivalle, ARD Discount<\/p>\n\n\n\n<p>Modera: Maria Teresa Manuelli \u2013 Direttrice di PL Magazine<\/p>\n\n\n\n<p>Vi aspettiamo mercoled\u00ec 18 gennaio alle 14.30<\/p>\n\n\n\n<p>Marca by Bologna Fiere &#8211; IPLC International Arena &#8211; <strong>Pad 28 &#8211; B3<\/strong><\/p>\n\n\n\n<p>Ecco la <a href=\"https:\/\/www.qberg.com\/wp-content\/uploads\/2023\/01\/La-Private-Label-alla-partenza-del-2023.pdf\" data-type=\"URL\" data-id=\"https:\/\/www.qberg.com\/wp-content\/uploads\/2023\/01\/La-Private-Label-alla-partenza-del-2023.pdf\" target=\"_blank\" rel=\"noreferrer noopener\">presentazione in formato integrale<\/a>. <\/p>\n\n\n<div class=\"wp-block-image\">\n<figure class=\"aligncenter size-full\"><img loading=\"lazy\" decoding=\"async\" width=\"600\" height=\"970\" src=\"https:\/\/www.qberg.com\/wp-content\/uploads\/2023\/01\/marca-bologna-tavola-rotonda-qberg-1.jpg\" alt=\"\" class=\"wp-image-5632\" srcset=\"https:\/\/www.qberg.com\/wp-content\/uploads\/2023\/01\/marca-bologna-tavola-rotonda-qberg-1.jpg 600w, https:\/\/www.qberg.com\/wp-content\/uploads\/2023\/01\/marca-bologna-tavola-rotonda-qberg-1-186x300.jpg 186w\" sizes=\"auto, (max-width: 600px) 100vw, 600px\" \/><\/figure>\n<\/div>","protected":false},"excerpt":{"rendered":"<p>I riflettori sono puntati su MARCA che torna il 18 e 19 gennaio a Bologna Fiere, il salone internazionale della Marca del Distributore giunto alla sua 19\u00b0 edizione che nel 2021 ha generato poco meno di 24Mld\u20ac solo nel Largo Consumo Confezionato, confermando l\u2019importanza di questo segmento per tutta la grande distribuzione. Negli ultimi sei [&hellip;]<\/p>\n","protected":false},"author":4,"featured_media":7867,"comment_status":"open","ping_status":"open","sticky":false,"template":"","format":"standard","meta":{"_genesis_hide_title":false,"_genesis_hide_breadcrumbs":false,"_genesis_hide_singular_image":false,"_genesis_hide_footer_widgets":false,"_genesis_custom_body_class":"","_genesis_custom_post_class":"","_genesis_layout":"","footnotes":""},"categories":[57,56],"tags":[79],"class_list":{"0":"post-5631","1":"post","2":"type-post","3":"status-publish","4":"format-standard","5":"has-post-thumbnail","7":"category-noticias","8":"category-insight-es","9":"tag-pgc","10":"entry"},"featured_image_src":"https:\/\/www.qberg.com\/wp-content\/uploads\/2025\/07\/insight-news-2-600x400.png","featured_image_src_square":"https:\/\/www.qberg.com\/wp-content\/uploads\/2025\/07\/insight-news-2-600x570.png","author_info":{"display_name":"diabolik","author_link":"https:\/\/www.qberg.com\/en\/author\/diabolik\/"},"_links":{"self":[{"href":"https:\/\/www.qberg.com\/en\/wp-json\/wp\/v2\/posts\/5631","targetHints":{"allow":["GET"]}}],"collection":[{"href":"https:\/\/www.qberg.com\/en\/wp-json\/wp\/v2\/posts"}],"about":[{"href":"https:\/\/www.qberg.com\/en\/wp-json\/wp\/v2\/types\/post"}],"author":[{"embeddable":true,"href":"https:\/\/www.qberg.com\/en\/wp-json\/wp\/v2\/users\/4"}],"replies":[{"embeddable":true,"href":"https:\/\/www.qberg.com\/en\/wp-json\/wp\/v2\/comments?post=5631"}],"version-history":[{"count":0,"href":"https:\/\/www.qberg.com\/en\/wp-json\/wp\/v2\/posts\/5631\/revisions"}],"wp:featuredmedia":[{"embeddable":true,"href":"https:\/\/www.qberg.com\/en\/wp-json\/wp\/v2\/media\/7867"}],"wp:attachment":[{"href":"https:\/\/www.qberg.com\/en\/wp-json\/wp\/v2\/media?parent=5631"}],"wp:term":[{"taxonomy":"category","embeddable":true,"href":"https:\/\/www.qberg.com\/en\/wp-json\/wp\/v2\/categories?post=5631"},{"taxonomy":"post_tag","embeddable":true,"href":"https:\/\/www.qberg.com\/en\/wp-json\/wp\/v2\/tags?post=5631"}],"curies":[{"name":"wp","href":"https:\/\/api.w.org\/{rel}","templated":true}]}}